{"id":722,"date":"2024-05-22T19:06:30","date_gmt":"2024-05-22T19:06:30","guid":{"rendered":"https:\/\/ideedigitale.cfd\/index.php\/2024\/05\/22\/cabina-tractor-u650-olx-ghid-pentru-achizitie-si-vanzare\/"},"modified":"2024-05-22T19:06:30","modified_gmt":"2024-05-22T19:06:30","slug":"cabina-tractor-u650-olx-ghid-pentru-achizitie-si-vanzare","status":"publish","type":"post","link":"https:\/\/ideedigitale.cfd\/index.php\/2024\/05\/22\/cabina-tractor-u650-olx-ghid-pentru-achizitie-si-vanzare\/","title":{"rendered":"Cabina Tractor U650 OLX: Ghid pentru Achizi\u021bie \u0219i V\u00e2nzare"},"content":{"rendered":"<h2>Cabina Tractor U650 OLX: Ghid pentru Achizi\u021bie \u0219i V\u00e2nzare<\/h2>\n<p>Dac\u0103 c\u0103uta\u021bi o cabina pentru tractorul U650, platforma OLX este una dintre cele mai populare op\u021biuni de pia\u021b\u0103 secundar\u0103 din Rom\u00e2nia. Aceast\u0103 component\u0103 esen\u021bial\u0103 asigur\u0103 protec\u021bia \u0219i confortul operatorului \u00een timpul lucrului cu tractoarele. Pe OLX, g\u0103si\u021bi at\u00e2t cabine noi, c\u00e2t \u0219i piese second-hand pentru repara\u021bii sau \u00eenlocuiri. Este important s\u0103 verifica\u021bi starea fizic\u0103, compatibilitatea exact\u0103 cu modelul U650 \u0219i s\u0103 solicita\u021bi documenta\u021bia disponibil\u0103. Pentru o navigare eficient\u0103, folosi\u021bi cu aten\u021bie filtrele de c\u0103utare \u0219i localizare. Pentru a explora oferte actuale, pute\u021bi accesa direct sec\u021biunea dedicat\u0103: <a href=\"https:\/\/oferte-online.site\/cat\/masini-vehicule\/tractoare-utilaje-grele\/tractoare\/cabina-tractor-u650-olx\/\">cabina tractor u650 olx<\/a>. Negocia\u021bi cu v\u00e2nz\u0103torul \u0219i asigura\u021bi-v\u0103 c\u0103 tranzac\u021bia se face \u00een siguran\u021b\u0103. Aceast\u0103 platform\u0103 v\u0103 poate ajuta s\u0103 g\u0103si\u021bi rapid piesa necesar\u0103 pentru a v\u0103 p\u0103stra utilajul func\u021bional.<\/p>\n","protected":false},"excerpt":{"rendered":"<p>Cabina Tractor U650 OLX: Ghid pentru Achizi\u021bie \u0219i V\u00e2nzareDac\u0103 c\u0103uta\u021bi o cabina pentru tractorul U650, platforma OLX este una dintre&hellip;<\/p>\n","protected":false},"author":1,"featured_media":0,"comment_status":"open","ping_status":"open","sticky":false,"template":"","format":"standard","meta":{"_sitemap_exclude":false,"_sitemap_priority":"","_sitemap_frequency":"","site-sidebar-layout":"default","site-content-layout":"","ast-site-content-layout":"default","site-content-style":"default","site-sidebar-style":"default","ast-global-header-display":"","ast-banner-title-visibility":"","ast-main-header-display":"","ast-hfb-above-header-display":"","ast-hfb-below-header-display":"","ast-hfb-mobile-header-display":"","site-post-title":"","ast-breadcrumbs-content":"","ast-featured-img":"","footer-sml-layout":"","ast-disable-related-posts":"","theme-transparent-header-meta":"","adv-header-id-meta":"","stick-header-meta":"","header-above-stick-meta":"","header-main-stick-meta":"","header-below-stick-meta":"","astra-migrate-meta-layouts":"default","ast-page-background-enabled":"default","ast-page-background-meta":{"desktop":{"background-color":"var(--ast-global-color-5)","background-image":"","background-repeat":"repeat","background-position":"center center","background-size":"auto","background-attachment":"scroll","background-type":"","background-media":"","overlay-type":"","overlay-color":"","overlay-opacity":"","overlay-gradient":""},"tablet":{"background-color":"","background-image":"","background-repeat":"repeat","background-position":"center center","background-size":"auto","background-attachment":"scroll","background-type":"","background-media":"","overlay-type":"","overlay-color":"","overlay-opacity":"","overlay-gradient":""},"mobile":{"background-color":"","background-image":"","background-repeat":"repeat","background-position":"center center","background-size":"auto","background-attachment":"scroll","background-type":"","background-media":"","overlay-type":"","overlay-color":"","overlay-opacity":"","overlay-gradient":""}},"ast-content-background-meta":{"desktop":{"background-color":"var(--ast-global-color-4)","background-image":"","background-repeat":"repeat","background-position":"center center","background-size":"auto","background-attachment":"scroll","background-type":"","background-media":"","overlay-type":"","overlay-color":"","overlay-opacity":"","overlay-gradient":""},"tablet":{"background-color":"var(--ast-global-color-4)","background-image":"","background-repeat":"repeat","background-position":"center center","background-size":"auto","background-attachment":"scroll","background-type":"","background-media":"","overlay-type":"","overlay-color":"","overlay-opacity":"","overlay-gradient":""},"mobile":{"background-color":"var(--ast-global-color-4)","background-image":"","background-repeat":"repeat","background-position":"center center","background-size":"auto","background-attachment":"scroll","background-type":"","background-media":"","overlay-type":"","overlay-color":"","overlay-opacity":"","overlay-gradient":""}},"footnotes":""},"categories":[1],"tags":[],"class_list":["post-722","post","type-post","status-publish","format-standard","hentry","category-fara-categorie"],"_links":{"self":[{"href":"https:\/\/ideedigitale.cfd\/index.php\/wp-json\/wp\/v2\/posts\/722","targetHints":{"allow":["GET"]}}],"collection":[{"href":"https:\/\/ideedigitale.cfd\/index.php\/wp-json\/wp\/v2\/posts"}],"about":[{"href":"https:\/\/ideedigitale.cfd\/index.php\/wp-json\/wp\/v2\/types\/post"}],"author":[{"embeddable":true,"href":"https:\/\/ideedigitale.cfd\/index.php\/wp-json\/wp\/v2\/users\/1"}],"replies":[{"embeddable":true,"href":"https:\/\/ideedigitale.cfd\/index.php\/wp-json\/wp\/v2\/comments?post=722"}],"version-history":[{"count":0,"href":"https:\/\/ideedigitale.cfd\/index.php\/wp-json\/wp\/v2\/posts\/722\/revisions"}],"wp:attachment":[{"href":"https:\/\/ideedigitale.cfd\/index.php\/wp-json\/wp\/v2\/media?parent=722"}],"wp:term":[{"taxonomy":"category","embeddable":true,"href":"https:\/\/ideedigitale.cfd\/index.php\/wp-json\/wp\/v2\/categories?post=722"},{"taxonomy":"post_tag","embeddable":true,"href":"https:\/\/ideedigitale.cfd\/index.php\/wp-json\/wp\/v2\/tags?post=722"}],"curies":[{"name":"wp","href":"https:\/\/api.w.org\/{rel}","templated":true}]}}